{"id":8932,"date":"2026-06-29T10:30:02","date_gmt":"2026-06-29T13:30:02","guid":{"rendered":"https:\/\/colegiocpi.com\/site\/?p=8932"},"modified":"2026-06-29T12:00:27","modified_gmt":"2026-06-29T15:00:27","slug":"colaboradores-passam-por-capacitacao-de-primeiros-socorros","status":"publish","type":"post","link":"https:\/\/colegiocpi.com\/site\/colaboradores-passam-por-capacitacao-de-primeiros-socorros\/","title":{"rendered":"Colaboradores passam por capacita\u00e7\u00e3o em primeiros socorros"},"content":{"rendered":"\n<p class=\"wp-block-paragraph\">Na manh\u00e3 deste s\u00e1bado (27), nossos colaboradores e professores participaram de uma capacita\u00e7\u00e3o conduzida pelo Coronel do Corpo de Bombeiros, Em\u00eddio Jos\u00e9, sobre primeiros socorros em diferentes situa\u00e7\u00f5es de emerg\u00eancia. \u26d1\ufe0f\ud83d\udc77\ud83c\udffb\u200d\u2642\ufe0f<\/p>\n\n\n\n<figure class=\"wp-block-image size-large\"><img fetchpriority=\"high\" decoding=\"async\" width=\"1024\" height=\"683\" src=\"https:\/\/colegiocpi.com\/site\/wp-content\/uploads\/2026\/06\/IMG_3690-1024x683.webp\" alt=\"\" class=\"wp-image-8933\" srcset=\"https:\/\/colegiocpi.com\/site\/wp-content\/uploads\/2026\/06\/IMG_3690-1024x683.webp 1024w, https:\/\/colegiocpi.com\/site\/wp-content\/uploads\/2026\/06\/IMG_3690-300x200.webp 300w, https:\/\/colegiocpi.com\/site\/wp-content\/uploads\/2026\/06\/IMG_3690-768x512.webp 768w, https:\/\/colegiocpi.com\/site\/wp-content\/uploads\/2026\/06\/IMG_3690-1536x1024.webp 1536w, https:\/\/colegiocpi.com\/site\/wp-content\/uploads\/2026\/06\/IMG_3690-2048x1365.webp 2048w\" sizes=\"(max-width: 1024px) 100vw, 1024px\" \/><\/figure>\n\n\n\n<p class=\"wp-block-paragraph\">Durante o treinamento, al\u00e9m das pr\u00e1ticas realizadas, houve espa\u00e7o para esclarecimento de d\u00favidas e orienta\u00e7\u00f5es sobre como agir corretamente em momentos cr\u00edticos.<\/p>\n\n\n\n<p class=\"wp-block-paragraph\">Essa iniciativa refor\u00e7a nosso compromisso com a sa\u00fade, o cuidado e o bem-estar dos nossos alunos e de toda a comunidade escolar.\ud83d\udc99\u2705<\/p>\n\n\n\n<figure class=\"wp-block-image size-large\"><img decoding=\"async\" width=\"1024\" height=\"683\" src=\"https:\/\/colegiocpi.com\/site\/wp-content\/uploads\/2026\/06\/IMG_3697-1024x683.webp\" alt=\"\" class=\"wp-image-8940\" srcset=\"https:\/\/colegiocpi.com\/site\/wp-content\/uploads\/2026\/06\/IMG_3697-1024x683.webp 1024w, https:\/\/colegiocpi.com\/site\/wp-content\/uploads\/2026\/06\/IMG_3697-300x200.webp 300w, https:\/\/colegiocpi.com\/site\/wp-content\/uploads\/2026\/06\/IMG_3697-768x512.webp 768w, https:\/\/colegiocpi.com\/site\/wp-content\/uploads\/2026\/06\/IMG_3697-1536x1024.webp 1536w, https:\/\/colegiocpi.com\/site\/wp-content\/uploads\/2026\/06\/IMG_3697-2048x1365.webp 2048w\" sizes=\"(max-width: 1024px) 100vw, 1024px\" \/><\/figure>\n\n\n\n<figure class=\"wp-block-image size-large\"><img decoding=\"async\" width=\"1024\" height=\"683\" src=\"https:\/\/colegiocpi.com\/site\/wp-content\/uploads\/2026\/06\/IMG_3678-1024x683.webp\" alt=\"\" class=\"wp-image-8934\" srcset=\"https:\/\/colegiocpi.com\/site\/wp-content\/uploads\/2026\/06\/IMG_3678-1024x683.webp 1024w, https:\/\/colegiocpi.com\/site\/wp-content\/uploads\/2026\/06\/IMG_3678-300x200.webp 300w, https:\/\/colegiocpi.com\/site\/wp-content\/uploads\/2026\/06\/IMG_3678-768x512.webp 768w, https:\/\/colegiocpi.com\/site\/wp-content\/uploads\/2026\/06\/IMG_3678-1536x1024.webp 1536w, https:\/\/colegiocpi.com\/site\/wp-content\/uploads\/2026\/06\/IMG_3678-2048x1365.webp 2048w\" sizes=\"(max-width: 1024px) 100vw, 1024px\" \/><\/figure>\n\n\n\n<figure class=\"wp-block-image size-large\"><img loading=\"lazy\" decoding=\"async\" width=\"1024\" height=\"683\" src=\"https:\/\/colegiocpi.com\/site\/wp-content\/uploads\/2026\/06\/IMG_3735-1024x683.webp\" alt=\"\" class=\"wp-image-8935\" srcset=\"https:\/\/colegiocpi.com\/site\/wp-content\/uploads\/2026\/06\/IMG_3735-1024x683.webp 1024w, https:\/\/colegiocpi.com\/site\/wp-content\/uploads\/2026\/06\/IMG_3735-300x200.webp 300w, https:\/\/colegiocpi.com\/site\/wp-content\/uploads\/2026\/06\/IMG_3735-768x512.webp 768w, https:\/\/colegiocpi.com\/site\/wp-content\/uploads\/2026\/06\/IMG_3735-1536x1024.webp 1536w, https:\/\/colegiocpi.com\/site\/wp-content\/uploads\/2026\/06\/IMG_3735-2048x1365.webp 2048w\" sizes=\"(max-width: 1024px) 100vw, 1024px\" \/><\/figure>\n\n\n\n<figure class=\"wp-block-image size-large\"><img loading=\"lazy\" decoding=\"async\" width=\"1024\" height=\"683\" src=\"https:\/\/colegiocpi.com\/site\/wp-content\/uploads\/2026\/06\/IMG_3663-1024x683.webp\" alt=\"\" class=\"wp-image-8936\" srcset=\"https:\/\/colegiocpi.com\/site\/wp-content\/uploads\/2026\/06\/IMG_3663-1024x683.webp 1024w, https:\/\/colegiocpi.com\/site\/wp-content\/uploads\/2026\/06\/IMG_3663-300x200.webp 300w, https:\/\/colegiocpi.com\/site\/wp-content\/uploads\/2026\/06\/IMG_3663-768x512.webp 768w, https:\/\/colegiocpi.com\/site\/wp-content\/uploads\/2026\/06\/IMG_3663-1536x1024.webp 1536w, https:\/\/colegiocpi.com\/site\/wp-content\/uploads\/2026\/06\/IMG_3663-2048x1365.webp 2048w\" sizes=\"(max-width: 1024px) 100vw, 1024px\" \/><\/figure>\n","protected":false},"excerpt":{"rendered":"<p>Na manh\u00e3 deste s\u00e1bado (27), nossos colaboradores e professores participaram de uma capacita\u00e7\u00e3o conduzida pelo Coronel do Corpo de Bombeiros, Em\u00eddio Jos\u00e9, sobre primeiros socorros em diferentes situa\u00e7\u00f5es de emerg\u00eancia. \u26d1\ufe0f\ud83d\udc77\ud83c\udffb\u200d\u2642\ufe0f Durante o treinamento, al\u00e9m das pr\u00e1ticas realizadas, houve espa\u00e7o para esclarecimento de d\u00favidas e orienta\u00e7\u00f5es sobre como agir corretamente em momentos cr\u00edticos. Essa iniciativa [&hellip;]<\/p>\n","protected":false},"author":4,"featured_media":8934,"comment_status":"open","ping_status":"closed","sticky":false,"template":"","format":"standard","meta":{"footnotes":""},"categories":[8],"tags":[],"class_list":["post-8932","post","type-post","status-publish","format-standard","has-post-thumbnail","hentry","category-blog"],"yoast_head":"<!-- This site is optimized with the Yoast SEO Premium plugin v28.3 (Yoast SEO v28.3) - https:\/\/yoast.com\/product\/yoast-seo-premium-wordpress\/ -->\n<title>Colaboradores passam por capacita\u00e7\u00e3o em primeiros socorros - CPI<\/title>\n<meta name=\"robots\" content=\"index, follow, max-snippet:-1, max-image-preview:large, max-video-preview:-1\" \/>\n<link rel=\"canonical\" href=\"https:\/\/colegiocpi.com\/site\/colaboradores-passam-por-capacitacao-de-primeiros-socorros\/\" \/>\n<meta property=\"og:locale\" content=\"pt_BR\" \/>\n<meta property=\"og:type\" content=\"article\" \/>\n<meta property=\"og:title\" content=\"Colaboradores passam por capacita\u00e7\u00e3o em primeiros socorros\" \/>\n<meta property=\"og:description\" content=\"Na manh\u00e3 deste s\u00e1bado (27), nossos colaboradores e professores participaram de uma capacita\u00e7\u00e3o conduzida pelo Coronel do Corpo de Bombeiros, Em\u00eddio Jos\u00e9, sobre primeiros socorros em diferentes situa\u00e7\u00f5es de emerg\u00eancia. \u26d1\ufe0f\ud83d\udc77\ud83c\udffb\u200d\u2642\ufe0f Durante o treinamento, al\u00e9m das pr\u00e1ticas realizadas, houve espa\u00e7o para esclarecimento de d\u00favidas e orienta\u00e7\u00f5es sobre como agir corretamente em momentos cr\u00edticos. Essa iniciativa [&hellip;]\" \/>\n<meta property=\"og:url\" content=\"https:\/\/colegiocpi.com\/site\/colaboradores-passam-por-capacitacao-de-primeiros-socorros\/\" \/>\n<meta property=\"og:site_name\" content=\"CPI\" \/>\n<meta property=\"article:publisher\" content=\"https:\/\/www.facebook.com\/cpiteresina\" \/>\n<meta property=\"article:published_time\" content=\"2026-06-29T13:30:02+00:00\" \/>\n<meta property=\"article:modified_time\" content=\"2026-06-29T15:00:27+00:00\" \/>\n<meta property=\"og:image\" content=\"https:\/\/colegiocpi.com\/site\/wp-content\/uploads\/2026\/06\/IMG_3678-scaled.webp\" \/>\n\t<meta property=\"og:image:width\" content=\"2560\" \/>\n\t<meta property=\"og:image:height\" content=\"1707\" \/>\n\t<meta property=\"og:image:type\" content=\"image\/webp\" \/>\n<meta name=\"author\" content=\"Daniele Vieira de Lima\" \/>\n<meta name=\"twitter:card\" content=\"summary_large_image\" \/>\n<meta name=\"twitter:label1\" content=\"Escrito por\" \/>\n\t<meta name=\"twitter:data1\" content=\"Daniele Vieira de Lima\" \/>\n<script type=\"application\/ld+json\" class=\"yoast-schema-graph\">{\"@context\":\"https:\\\/\\\/schema.org\",\"@graph\":[{\"@type\":\"Article\",\"@id\":\"https:\\\/\\\/colegiocpi.com\\\/site\\\/colaboradores-passam-por-capacitacao-de-primeiros-socorros\\\/#article\",\"isPartOf\":{\"@id\":\"https:\\\/\\\/colegiocpi.com\\\/site\\\/colaboradores-passam-por-capacitacao-de-primeiros-socorros\\\/\"},\"author\":{\"name\":\"Daniele Vieira de Lima\",\"@id\":\"https:\\\/\\\/colegiocpi.com\\\/site\\\/#\\\/schema\\\/person\\\/3f1d31d7ce046f348d608f8c164ead5c\"},\"headline\":\"Colaboradores passam por capacita\u00e7\u00e3o em primeiros socorros\",\"datePublished\":\"2026-06-29T13:30:02+00:00\",\"dateModified\":\"2026-06-29T15:00:27+00:00\",\"mainEntityOfPage\":{\"@id\":\"https:\\\/\\\/colegiocpi.com\\\/site\\\/colaboradores-passam-por-capacitacao-de-primeiros-socorros\\\/\"},\"wordCount\":94,\"commentCount\":0,\"publisher\":{\"@id\":\"https:\\\/\\\/colegiocpi.com\\\/site\\\/#organization\"},\"image\":{\"@id\":\"https:\\\/\\\/colegiocpi.com\\\/site\\\/colaboradores-passam-por-capacitacao-de-primeiros-socorros\\\/#primaryimage\"},\"thumbnailUrl\":\"https:\\\/\\\/colegiocpi.com\\\/site\\\/wp-content\\\/uploads\\\/2026\\\/06\\\/IMG_3678-scaled.webp\",\"articleSection\":[\"Blog\"],\"inLanguage\":\"pt-BR\",\"potentialAction\":[{\"@type\":\"CommentAction\",\"name\":\"Comment\",\"target\":[\"https:\\\/\\\/colegiocpi.com\\\/site\\\/colaboradores-passam-por-capacitacao-de-primeiros-socorros\\\/#respond\"]}]},{\"@type\":\"WebPage\",\"@id\":\"https:\\\/\\\/colegiocpi.com\\\/site\\\/colaboradores-passam-por-capacitacao-de-primeiros-socorros\\\/\",\"url\":\"https:\\\/\\\/colegiocpi.com\\\/site\\\/colaboradores-passam-por-capacitacao-de-primeiros-socorros\\\/\",\"name\":\"Colaboradores passam por capacita\u00e7\u00e3o em primeiros socorros - CPI\",\"isPartOf\":{\"@id\":\"https:\\\/\\\/colegiocpi.com\\\/site\\\/#website\"},\"primaryImageOfPage\":{\"@id\":\"https:\\\/\\\/colegiocpi.com\\\/site\\\/colaboradores-passam-por-capacitacao-de-primeiros-socorros\\\/#primaryimage\"},\"image\":{\"@id\":\"https:\\\/\\\/colegiocpi.com\\\/site\\\/colaboradores-passam-por-capacitacao-de-primeiros-socorros\\\/#primaryimage\"},\"thumbnailUrl\":\"https:\\\/\\\/colegiocpi.com\\\/site\\\/wp-content\\\/uploads\\\/2026\\\/06\\\/IMG_3678-scaled.webp\",\"datePublished\":\"2026-06-29T13:30:02+00:00\",\"dateModified\":\"2026-06-29T15:00:27+00:00\",\"breadcrumb\":{\"@id\":\"https:\\\/\\\/colegiocpi.com\\\/site\\\/colaboradores-passam-por-capacitacao-de-primeiros-socorros\\\/#breadcrumb\"},\"inLanguage\":\"pt-BR\",\"potentialAction\":[{\"@type\":\"ReadAction\",\"target\":[\"https:\\\/\\\/colegiocpi.com\\\/site\\\/colaboradores-passam-por-capacitacao-de-primeiros-socorros\\\/\"]}]},{\"@type\":\"ImageObject\",\"inLanguage\":\"pt-BR\",\"@id\":\"https:\\\/\\\/colegiocpi.com\\\/site\\\/colaboradores-passam-por-capacitacao-de-primeiros-socorros\\\/#primaryimage\",\"url\":\"https:\\\/\\\/colegiocpi.com\\\/site\\\/wp-content\\\/uploads\\\/2026\\\/06\\\/IMG_3678-scaled.webp\",\"contentUrl\":\"https:\\\/\\\/colegiocpi.com\\\/site\\\/wp-content\\\/uploads\\\/2026\\\/06\\\/IMG_3678-scaled.webp\",\"width\":2560,\"height\":1707},{\"@type\":\"BreadcrumbList\",\"@id\":\"https:\\\/\\\/colegiocpi.com\\\/site\\\/colaboradores-passam-por-capacitacao-de-primeiros-socorros\\\/#breadcrumb\",\"itemListElement\":[{\"@type\":\"ListItem\",\"position\":1,\"name\":\"In\u00edcio\",\"item\":\"https:\\\/\\\/colegiocpi.com\\\/site\\\/\"},{\"@type\":\"ListItem\",\"position\":2,\"name\":\"Colaboradores passam por capacita\u00e7\u00e3o em primeiros socorros\"}]},{\"@type\":\"WebSite\",\"@id\":\"https:\\\/\\\/colegiocpi.com\\\/site\\\/#website\",\"url\":\"https:\\\/\\\/colegiocpi.com\\\/site\\\/\",\"name\":\"Col\u00e9gio CPI\",\"description\":\"O Col\u00e9gio CPI alia projeto pedag\u00f3gico moderno e credibilidade para transformar vidas e formar cidad\u00e3os \u00e9ticos. Conhe\u00e7a a escola que mais cresce no estado!\",\"publisher\":{\"@id\":\"https:\\\/\\\/colegiocpi.com\\\/site\\\/#organization\"},\"alternateName\":\"CPI\",\"potentialAction\":[{\"@type\":\"SearchAction\",\"target\":{\"@type\":\"EntryPoint\",\"urlTemplate\":\"https:\\\/\\\/colegiocpi.com\\\/site\\\/?s={search_term_string}\"},\"query-input\":{\"@type\":\"PropertyValueSpecification\",\"valueRequired\":true,\"valueName\":\"search_term_string\"}}],\"inLanguage\":\"pt-BR\"},{\"@type\":\"Organization\",\"@id\":\"https:\\\/\\\/colegiocpi.com\\\/site\\\/#organization\",\"name\":\"CPI\",\"url\":\"https:\\\/\\\/colegiocpi.com\\\/site\\\/\",\"logo\":{\"@type\":\"ImageObject\",\"inLanguage\":\"pt-BR\",\"@id\":\"https:\\\/\\\/colegiocpi.com\\\/site\\\/#\\\/schema\\\/logo\\\/image\\\/\",\"url\":\"https:\\\/\\\/colegiocpi.com\\\/site\\\/wp-content\\\/uploads\\\/2021\\\/10\\\/logomarcacpisite1.fw_-2.png\",\"contentUrl\":\"https:\\\/\\\/colegiocpi.com\\\/site\\\/wp-content\\\/uploads\\\/2021\\\/10\\\/logomarcacpisite1.fw_-2.png\",\"width\":272,\"height\":100,\"caption\":\"CPI\"},\"image\":{\"@id\":\"https:\\\/\\\/colegiocpi.com\\\/site\\\/#\\\/schema\\\/logo\\\/image\\\/\"},\"sameAs\":[\"https:\\\/\\\/www.facebook.com\\\/cpiteresina\",\"https:\\\/\\\/instagram.com\\\/colegiocpi\\\/\"]},{\"@type\":\"Person\",\"@id\":\"https:\\\/\\\/colegiocpi.com\\\/site\\\/#\\\/schema\\\/person\\\/3f1d31d7ce046f348d608f8c164ead5c\",\"name\":\"Daniele Vieira de Lima\",\"image\":{\"@type\":\"ImageObject\",\"inLanguage\":\"pt-BR\",\"@id\":\"https:\\\/\\\/secure.gravatar.com\\\/avatar\\\/70051dadfcef321a9da0910d58462643a9eddcd81085cc54a6adaf23ac57e38d?s=96&d=mm&r=g\",\"url\":\"https:\\\/\\\/secure.gravatar.com\\\/avatar\\\/70051dadfcef321a9da0910d58462643a9eddcd81085cc54a6adaf23ac57e38d?s=96&d=mm&r=g\",\"contentUrl\":\"https:\\\/\\\/secure.gravatar.com\\\/avatar\\\/70051dadfcef321a9da0910d58462643a9eddcd81085cc54a6adaf23ac57e38d?s=96&d=mm&r=g\",\"caption\":\"Daniele Vieira de Lima\"},\"url\":\"https:\\\/\\\/colegiocpi.com\\\/site\\\/author\\\/daniele\\\/\"}]}<\/script>\n<!-- \/ Yoast SEO Premium plugin. -->","yoast_head_json":{"title":"Colaboradores passam por capacita\u00e7\u00e3o em primeiros socorros - CPI","robots":{"index":"index","follow":"follow","max-snippet":"max-snippet:-1","max-image-preview":"max-image-preview:large","max-video-preview":"max-video-preview:-1"},"canonical":"https:\/\/colegiocpi.com\/site\/colaboradores-passam-por-capacitacao-de-primeiros-socorros\/","og_locale":"pt_BR","og_type":"article","og_title":"Colaboradores passam por capacita\u00e7\u00e3o em primeiros socorros","og_description":"Na manh\u00e3 deste s\u00e1bado (27), nossos colaboradores e professores participaram de uma capacita\u00e7\u00e3o conduzida pelo Coronel do Corpo de Bombeiros, Em\u00eddio Jos\u00e9, sobre primeiros socorros em diferentes situa\u00e7\u00f5es de emerg\u00eancia. \u26d1\ufe0f\ud83d\udc77\ud83c\udffb\u200d\u2642\ufe0f Durante o treinamento, al\u00e9m das pr\u00e1ticas realizadas, houve espa\u00e7o para esclarecimento de d\u00favidas e orienta\u00e7\u00f5es sobre como agir corretamente em momentos cr\u00edticos. Essa iniciativa [&hellip;]","og_url":"https:\/\/colegiocpi.com\/site\/colaboradores-passam-por-capacitacao-de-primeiros-socorros\/","og_site_name":"CPI","article_publisher":"https:\/\/www.facebook.com\/cpiteresina","article_published_time":"2026-06-29T13:30:02+00:00","article_modified_time":"2026-06-29T15:00:27+00:00","og_image":[{"width":2560,"height":1707,"url":"https:\/\/colegiocpi.com\/site\/wp-content\/uploads\/2026\/06\/IMG_3678-scaled.webp","type":"image\/webp"}],"author":"Daniele Vieira de Lima","twitter_card":"summary_large_image","twitter_misc":{"Escrito por":"Daniele Vieira de Lima"},"schema":{"@context":"https:\/\/schema.org","@graph":[{"@type":"Article","@id":"https:\/\/colegiocpi.com\/site\/colaboradores-passam-por-capacitacao-de-primeiros-socorros\/#article","isPartOf":{"@id":"https:\/\/colegiocpi.com\/site\/colaboradores-passam-por-capacitacao-de-primeiros-socorros\/"},"author":{"name":"Daniele Vieira de Lima","@id":"https:\/\/colegiocpi.com\/site\/#\/schema\/person\/3f1d31d7ce046f348d608f8c164ead5c"},"headline":"Colaboradores passam por capacita\u00e7\u00e3o em primeiros socorros","datePublished":"2026-06-29T13:30:02+00:00","dateModified":"2026-06-29T15:00:27+00:00","mainEntityOfPage":{"@id":"https:\/\/colegiocpi.com\/site\/colaboradores-passam-por-capacitacao-de-primeiros-socorros\/"},"wordCount":94,"commentCount":0,"publisher":{"@id":"https:\/\/colegiocpi.com\/site\/#organization"},"image":{"@id":"https:\/\/colegiocpi.com\/site\/colaboradores-passam-por-capacitacao-de-primeiros-socorros\/#primaryimage"},"thumbnailUrl":"https:\/\/colegiocpi.com\/site\/wp-content\/uploads\/2026\/06\/IMG_3678-scaled.webp","articleSection":["Blog"],"inLanguage":"pt-BR","potentialAction":[{"@type":"CommentAction","name":"Comment","target":["https:\/\/colegiocpi.com\/site\/colaboradores-passam-por-capacitacao-de-primeiros-socorros\/#respond"]}]},{"@type":"WebPage","@id":"https:\/\/colegiocpi.com\/site\/colaboradores-passam-por-capacitacao-de-primeiros-socorros\/","url":"https:\/\/colegiocpi.com\/site\/colaboradores-passam-por-capacitacao-de-primeiros-socorros\/","name":"Colaboradores passam por capacita\u00e7\u00e3o em primeiros socorros - CPI","isPartOf":{"@id":"https:\/\/colegiocpi.com\/site\/#website"},"primaryImageOfPage":{"@id":"https:\/\/colegiocpi.com\/site\/colaboradores-passam-por-capacitacao-de-primeiros-socorros\/#primaryimage"},"image":{"@id":"https:\/\/colegiocpi.com\/site\/colaboradores-passam-por-capacitacao-de-primeiros-socorros\/#primaryimage"},"thumbnailUrl":"https:\/\/colegiocpi.com\/site\/wp-content\/uploads\/2026\/06\/IMG_3678-scaled.webp","datePublished":"2026-06-29T13:30:02+00:00","dateModified":"2026-06-29T15:00:27+00:00","breadcrumb":{"@id":"https:\/\/colegiocpi.com\/site\/colaboradores-passam-por-capacitacao-de-primeiros-socorros\/#breadcrumb"},"inLanguage":"pt-BR","potentialAction":[{"@type":"ReadAction","target":["https:\/\/colegiocpi.com\/site\/colaboradores-passam-por-capacitacao-de-primeiros-socorros\/"]}]},{"@type":"ImageObject","inLanguage":"pt-BR","@id":"https:\/\/colegiocpi.com\/site\/colaboradores-passam-por-capacitacao-de-primeiros-socorros\/#primaryimage","url":"https:\/\/colegiocpi.com\/site\/wp-content\/uploads\/2026\/06\/IMG_3678-scaled.webp","contentUrl":"https:\/\/colegiocpi.com\/site\/wp-content\/uploads\/2026\/06\/IMG_3678-scaled.webp","width":2560,"height":1707},{"@type":"BreadcrumbList","@id":"https:\/\/colegiocpi.com\/site\/colaboradores-passam-por-capacitacao-de-primeiros-socorros\/#breadcrumb","itemListElement":[{"@type":"ListItem","position":1,"name":"In\u00edcio","item":"https:\/\/colegiocpi.com\/site\/"},{"@type":"ListItem","position":2,"name":"Colaboradores passam por capacita\u00e7\u00e3o em primeiros socorros"}]},{"@type":"WebSite","@id":"https:\/\/colegiocpi.com\/site\/#website","url":"https:\/\/colegiocpi.com\/site\/","name":"Col\u00e9gio CPI","description":"O Col\u00e9gio CPI alia projeto pedag\u00f3gico moderno e credibilidade para transformar vidas e formar cidad\u00e3os \u00e9ticos. Conhe\u00e7a a escola que mais cresce no estado!","publisher":{"@id":"https:\/\/colegiocpi.com\/site\/#organization"},"alternateName":"CPI","potentialAction":[{"@type":"SearchAction","target":{"@type":"EntryPoint","urlTemplate":"https:\/\/colegiocpi.com\/site\/?s={search_term_string}"},"query-input":{"@type":"PropertyValueSpecification","valueRequired":true,"valueName":"search_term_string"}}],"inLanguage":"pt-BR"},{"@type":"Organization","@id":"https:\/\/colegiocpi.com\/site\/#organization","name":"CPI","url":"https:\/\/colegiocpi.com\/site\/","logo":{"@type":"ImageObject","inLanguage":"pt-BR","@id":"https:\/\/colegiocpi.com\/site\/#\/schema\/logo\/image\/","url":"https:\/\/colegiocpi.com\/site\/wp-content\/uploads\/2021\/10\/logomarcacpisite1.fw_-2.png","contentUrl":"https:\/\/colegiocpi.com\/site\/wp-content\/uploads\/2021\/10\/logomarcacpisite1.fw_-2.png","width":272,"height":100,"caption":"CPI"},"image":{"@id":"https:\/\/colegiocpi.com\/site\/#\/schema\/logo\/image\/"},"sameAs":["https:\/\/www.facebook.com\/cpiteresina","https:\/\/instagram.com\/colegiocpi\/"]},{"@type":"Person","@id":"https:\/\/colegiocpi.com\/site\/#\/schema\/person\/3f1d31d7ce046f348d608f8c164ead5c","name":"Daniele Vieira de Lima","image":{"@type":"ImageObject","inLanguage":"pt-BR","@id":"https:\/\/secure.gravatar.com\/avatar\/70051dadfcef321a9da0910d58462643a9eddcd81085cc54a6adaf23ac57e38d?s=96&d=mm&r=g","url":"https:\/\/secure.gravatar.com\/avatar\/70051dadfcef321a9da0910d58462643a9eddcd81085cc54a6adaf23ac57e38d?s=96&d=mm&r=g","contentUrl":"https:\/\/secure.gravatar.com\/avatar\/70051dadfcef321a9da0910d58462643a9eddcd81085cc54a6adaf23ac57e38d?s=96&d=mm&r=g","caption":"Daniele Vieira de Lima"},"url":"https:\/\/colegiocpi.com\/site\/author\/daniele\/"}]}},"_links":{"self":[{"href":"https:\/\/colegiocpi.com\/site\/wp-json\/wp\/v2\/posts\/8932","targetHints":{"allow":["GET"]}}],"collection":[{"href":"https:\/\/colegiocpi.com\/site\/wp-json\/wp\/v2\/posts"}],"about":[{"href":"https:\/\/colegiocpi.com\/site\/wp-json\/wp\/v2\/types\/post"}],"author":[{"embeddable":true,"href":"https:\/\/colegiocpi.com\/site\/wp-json\/wp\/v2\/users\/4"}],"replies":[{"embeddable":true,"href":"https:\/\/colegiocpi.com\/site\/wp-json\/wp\/v2\/comments?post=8932"}],"version-history":[{"count":4,"href":"https:\/\/colegiocpi.com\/site\/wp-json\/wp\/v2\/posts\/8932\/revisions"}],"predecessor-version":[{"id":8942,"href":"https:\/\/colegiocpi.com\/site\/wp-json\/wp\/v2\/posts\/8932\/revisions\/8942"}],"wp:featuredmedia":[{"embeddable":true,"href":"https:\/\/colegiocpi.com\/site\/wp-json\/wp\/v2\/media\/8934"}],"wp:attachment":[{"href":"https:\/\/colegiocpi.com\/site\/wp-json\/wp\/v2\/media?parent=8932"}],"wp:term":[{"taxonomy":"category","embeddable":true,"href":"https:\/\/colegiocpi.com\/site\/wp-json\/wp\/v2\/categories?post=8932"},{"taxonomy":"post_tag","embeddable":true,"href":"https:\/\/colegiocpi.com\/site\/wp-json\/wp\/v2\/tags?post=8932"}],"curies":[{"name":"wp","href":"https:\/\/api.w.org\/{rel}","templated":true}]}}